{"id":18379,"date":"2017-06-23T20:50:25","date_gmt":"2017-06-23T20:50:25","guid":{"rendered":"https:\/\/adners.de\/?p=18379"},"modified":"2025-10-09T20:09:03","modified_gmt":"2025-10-09T18:09:03","slug":"aktuelles-aus-dem-hotel","status":"publish","type":"post","link":"https:\/\/adners.de\/?p=18379","title":{"rendered":"Aktuelles"},"content":{"rendered":"<!--MBNHE-->\r\n\r\n<!--MBNHE-->\r\n\r\n<hr \/>\r\n\r\n<blockquote>\r\n<div>\r\n<div class=\"\" dir=\"auto\" style=\"text-align: center;\">\r\n<div id=\"jsc_c_15q\" class=\"ecm0bbzt hv4rvrfc ihqw7lf3 dati1w0a\" data-ad-comet-preview=\"message\" data-ad-preview=\"message\">\r\n<div class=\"j83agx80 cbu4d94t ew0dbk1b irj2b8pg\">\r\n<div class=\"qzhwtbm6 knvmm38d\">\r\n\r\n<span style=\"font-size: 20pt;\"><strong>Speisekarte und \u00d6ffnungszeiten<\/strong><\/span>\r\n\r\n<a href=\"https:\/\/adners.de\/files\/flyer_aktuell\/Speisekarte_Adners_Gasthof_und_Hotel_Breitenbrunn_Erzgebirge.pdf\" target=\"_blank\" rel=\"noopener\"><img class=\"aligncenter wp-image-19797\" src=\"https:\/\/adners.de\/files\/flyer_aktuell\/Speisekarte_Adners_Gasthof_und_Hotel_Breitenbrunn_Erzgebirge.jpg\" width=\"600\" height=\"228\" \/><\/a>\r\n\r\n<\/div>\r\n<strong><a href=\"https:\/\/adners.de\/files\/flyer_aktuell\/Speisekarte_Adners_Gasthof_und_Hotel_Breitenbrunn_Erzgebirge.pdf\" target=\"_blank\" rel=\"noopener\"><span style=\"color: #003300;\"><span style=\"background-color: #ff9900;\"><span style=\"background-color: #ffcc00;\">Link Speisekarte als PDF oder oben auf das Bild klicken:<\/span><\/span><\/span><\/a><\/strong>\r\n\r\n<\/div>\r\n<\/div>\r\n<\/div>\r\n<div class=\"\" dir=\"auto\" style=\"text-align: center;\">\r\n<div id=\"jsc_c_15q\" class=\"ecm0bbzt hv4rvrfc ihqw7lf3 dati1w0a\" data-ad-comet-preview=\"message\" data-ad-preview=\"message\">\r\n<div class=\"j83agx80 cbu4d94t ew0dbk1b irj2b8pg\">\r\n\r\n<strong><a href=\"https:\/\/adners.de\/files\/flyer_aktuell\/Adners_Gasthof_und_Hotel_Wochenspecial.pdf\"><span style=\"color: #003300; background-color: #ffcc00;\">Hier der Link zu unerem aktuellen Wochenspecial<\/span><\/a><\/strong>\r\n\r\nUnsere \u00d6ffnungszeiten <strong>im Restaurant<\/strong>\r\n\r\n<strong><b>Montag\u00a0\u00a0\u00a0\u00a0\u00a0\u00a0\u00a0\u00a0\u00a0\u00a0\u00a0\u00a0\u00a0\u00a0\u00a0\u00a0\u00a0\u00a0\u00a0\u00a0\u00a0\u00a0\u00a0\u00a0\u00a0\u00a0\u00a0\u00a0\u00a0\u00a0\u00a0\u00a0\u00a0\u00a0\u00a0\u00a0\u00a0\u00a0\u00a0\u00a0\u00a0\u00a0\u00a0\u00a0\u00a0\u00a0\u00a0\u00a0\u00a0\u00a0\u00a0\u00a0\u00a0\u00a0\u00a0\u00a0\u00a0\u00a0\u00a0\u00a0\u00a0\u00a0\u00a0\u00a0\u00a0\u00a0\u00a0\u00a0 von 15 - 22 Uhr\r\nDienstag\u00a0\u00a0 (nur ge\u00f6ffnet f\u00fcr Hausg\u00e4ste) \u00a0\u00a0\u00a0 von 15 - 22 Uhr\r\nMittwoch<\/b><\/strong> <strong>( nur ge\u00f6ffnet f\u00fcr Hausg\u00e4ste) <b>\u00a0\u00a0\u00a0 von 15 - 22 Uhr\r\n<\/b><\/strong>Gerne auch nach vorheriger Anfrage f\u00fcr Restaurantg\u00e4ste.<strong><b>\r\nDonnerstag\u00a0\u00a0\u00a0\u00a0\u00a0\u00a0\u00a0\u00a0\u00a0\u00a0\u00a0\u00a0\u00a0\u00a0\u00a0\u00a0\u00a0\u00a0\u00a0\u00a0\u00a0\u00a0\u00a0\u00a0\u00a0\u00a0\u00a0\u00a0\u00a0\u00a0\u00a0\u00a0\u00a0\u00a0\u00a0\u00a0\u00a0\u00a0\u00a0\u00a0\u00a0\u00a0\u00a0\u00a0\u00a0\u00a0\u00a0\u00a0\u00a0\u00a0\u00a0\u00a0\u00a0\u00a0\u00a0\u00a0\u00a0\u00a0\u00a0 von <\/b><\/strong><strong><b>15 - 22 Uhr\r\nFreitag\u00a0\u00a0\u00a0\u00a0\u00a0\u00a0\u00a0\u00a0\u00a0\u00a0\u00a0\u00a0\u00a0\u00a0\u00a0\u00a0\u00a0\u00a0\u00a0\u00a0\u00a0\u00a0\u00a0\u00a0\u00a0\u00a0\u00a0\u00a0\u00a0\u00a0\u00a0\u00a0\u00a0\u00a0\u00a0\u00a0\u00a0\u00a0\u00a0\u00a0\u00a0\u00a0\u00a0\u00a0\u00a0\u00a0\u00a0\u00a0\u00a0\u00a0\u00a0\u00a0\u00a0\u00a0\u00a0\u00a0\u00a0\u00a0\u00a0\u00a0\u00a0\u00a0\u00a0\u00a0\u00a0\u00a0\u00a0\u00a0 von 15 - 22 Uhr\r\n<\/b><\/strong><strong><b>Wochenende \u00a0 \u00a0 \u00a0 \u00a0 \u00a0 \u00a0 \u00a0 \u00a0\u00a0 von 11 - 14 Uhr und von 15 - 22 Uhr\r\n<\/b><\/strong><strong><b>oder nach Absprache!<\/b><\/strong>\r\n\r\n<em><strong><b>Aktueller Abhol und Lieferservice\r\n<\/b><\/strong>fast alle Gerichte aus der obigen Speisekarte\r\nund \"Platten f\u00fcr Ihre Feier\"\r\n<\/em><em><strong><b>Montag\u00a0\u00a0\u00a0\u00a0\u00a0\u00a0\u00a0\u00a0\u00a0\u00a0\u00a0 \u00a0 \u00a0 \u00a0 \u00a0 \u00a0 \u00a0 \u00a0 \u00a0 \u00a0 \u00a0 \u00a0 \u00a0 \u00a0 \u00a0 \u00a0 \u00a0 \u00a0 \u00a0 \u00a0\u00a0 von 17 - 19 Uhr\r\nDonnerstag\u00a0\u00a0\u00a0\u00a0\u00a0\u00a0\u00a0\u00a0\u00a0\u00a0\u00a0\u00a0\u00a0\u00a0\u00a0\u00a0\u00a0\u00a0\u00a0\u00a0\u00a0\u00a0\u00a0\u00a0\u00a0\u00a0\u00a0\u00a0\u00a0\u00a0\u00a0\u00a0\u00a0\u00a0\u00a0\u00a0\u00a0\u00a0\u00a0\u00a0\u00a0\u00a0 von 17 - 19 Uhr\r\nFreitag\u00a0\u00a0\u00a0\u00a0\u00a0\u00a0\u00a0\u00a0\u00a0\u00a0\u00a0\u00a0 \u00a0 \u00a0 \u00a0 \u00a0 \u00a0 \u00a0 \u00a0 \u00a0 \u00a0 \u00a0 \u00a0 \u00a0 \u00a0 \u00a0 \u00a0 \u00a0 \u00a0 \u00a0\u00a0 \u00a0 von 17 - 19 Uhr\r\nWochenende von 11 - 13 Uhr und\u00a0 von 17 - 19 Uhr<\/b><\/strong><\/em>\r\n\r\n<\/div>\r\n<\/div>\r\n<\/div>\r\n<div style=\"text-align: center;\">\r\n\r\n<em><a href=\"https:\/\/adners.de\/files\/flyer_aktuell\/Adners_Gasthof_und_Hotel_Abhol_und_Lieferkarte_Breitenbrunn_Erzgebirge.pdf\" target=\"_blank\" rel=\"noopener\"><span style=\"background-color: #ffcc00;\">Link Abholkarte \"Platten f\u00fcr Ihre Feier\" hier klicken<\/span> <\/a><\/em>\r\n\r\n<strong>Wir bitten um Vorbestellung!\r\n\r\n<a href=\"https:\/\/adners.de\/files\/flyer_aktuell\/Adners_Gasthof_und_Hotel_Abhol_und_Lieferkarte_Breitenbrunn_Erzgebirge.pdf\"><img class=\"\" src=\"https:\/\/adners.de\/files\/flyer_aktuell\/Adners_Gasthof_und_Hotel_Abhol_und_Lieferkarte_Breitenbrunn_Erzgebirge.jpg\" alt=\"\" width=\"307\" height=\"436\" \/><\/a>\r\n<\/strong>\r\n\r\n<\/div>\r\n<p style=\"text-align: center;\">Wir stehen Ihnen f\u00fcr Anfragen, Bestellungen, Reservierungen oder R\u00fcckfragen\r\n<strong>telefonisch unter<\/strong> <strong>037756 1655, auch per WhatsApp <span class=\"d2edcug0 hpfvmrgz qv66sw1b c1et5uql rrkovp55 a8c37x1j keod5gw0 nxhoafnm aigsh9s9 d3f4x2em fe6kdd0r mau55g9w c8b282yb iv3no6db jq4qci2q a3bd9o3v knj5qynh oo9gr5id hzawbc8m\" dir=\"auto\">unter 0170 779 4478<\/span><\/strong><\/p>\r\n<p style=\"text-align: center;\">oder \u00a0<a href=\"mailto:info@adners.de\">info@adners.de<\/a> zur Verf\u00fcgung.<\/p>\r\n<p style=\"text-align: center;\"><strong><em>Wir freuen uns auf Ihren Besuch.\r\nHerzlichst Ihre Familie Saupe und das gesamte Team von Adners Gasthof.<\/em><\/strong><\/p>\r\n\r\n<\/div><\/blockquote>\r\n<p align=\"left\"><span style=\"color: #800080;\"><!--MBNHE--><\/span><\/p>","protected":false},"excerpt":{"rendered":"<p>Speisekarte und \u00d6ffnungszeiten Link Speisekarte als PDF oder oben auf das Bild klicken: Hier der Link zu unerem aktuellen Wochenspecial Unsere \u00d6ffnungszeiten im Restaurant Montag\u00a0\u00a0\u00a0\u00a0\u00a0\u00a0\u00a0\u00a0\u00a0\u00a0\u00a0\u00a0\u00a0\u00a0\u00a0\u00a0\u00a0\u00a0\u00a0\u00a0\u00a0\u00a0\u00a0\u00a0\u00a0\u00a0\u00a0\u00a0\u00a0\u00a0\u00a0\u00a0\u00a0\u00a0\u00a0\u00a0\u00a0\u00a0\u00a0\u00a0\u00a0\u00a0\u00a0\u00a0\u00a0\u00a0\u00a0\u00a0\u00a0\u00a0\u00a0\u00a0\u00a0\u00a0\u00a0\u00a0\u00a0\u00a0\u00a0\u00a0\u00a0\u00a0\u00a0\u00a0\u00a0\u00a0\u00a0\u00a0 von 15 &#8211; 22 Uhr Dienstag\u00a0\u00a0 (nur ge\u00f6ffnet f\u00fcr Hausg\u00e4ste) \u00a0\u00a0\u00a0 von 15 &#8211; 22 Uhr Mittwoch ( nur ge\u00f6ffnet f\u00fcr Hausg\u00e4ste) \u00a0\u00a0\u00a0 von 15 &#8211; 22 Uhr Gerne auch [&hellip;]<\/p>\n","protected":false},"author":2,"featured_media":0,"comment_status":"closed","ping_status":"closed","sticky":true,"template":"","format":"standard","meta":[],"categories":[114],"tags":[],"_links":{"self":[{"href":"https:\/\/adners.de\/index.php?rest_route=\/wp\/v2\/posts\/18379"}],"collection":[{"href":"https:\/\/adners.de\/index.php?rest_route=\/wp\/v2\/posts"}],"about":[{"href":"https:\/\/adners.de\/index.php?rest_route=\/wp\/v2\/types\/post"}],"author":[{"embeddable":true,"href":"https:\/\/adners.de\/index.php?rest_route=\/wp\/v2\/users\/2"}],"replies":[{"embeddable":true,"href":"https:\/\/adners.de\/index.php?rest_route=%2Fwp%2Fv2%2Fcomments&post=18379"}],"version-history":[{"count":442,"href":"https:\/\/adners.de\/index.php?rest_route=\/wp\/v2\/posts\/18379\/revisions"}],"predecessor-version":[{"id":21192,"href":"https:\/\/adners.de\/index.php?rest_route=\/wp\/v2\/posts\/18379\/revisions\/21192"}],"wp:attachment":[{"href":"https:\/\/adners.de\/index.php?rest_route=%2Fwp%2Fv2%2Fmedia&parent=18379"}],"wp:term":[{"taxonomy":"category","embeddable":true,"href":"https:\/\/adners.de\/index.php?rest_route=%2Fwp%2Fv2%2Fcategories&post=18379"},{"taxonomy":"post_tag","embeddable":true,"href":"https:\/\/adners.de\/index.php?rest_route=%2Fwp%2Fv2%2Ftags&post=18379"}],"curies":[{"name":"wp","href":"https:\/\/api.w.org\/{rel}","templated":true}]}}